{"id":270,"date":"2023-02-11T16:43:50","date_gmt":"2023-02-11T16:43:50","guid":{"rendered":"https:\/\/jericoacoara-blog.portaljericoacoara.com.br\/jericoacoara-blog\/?p=270"},"modified":"2023-07-13T12:35:11","modified_gmt":"2023-07-13T12:35:11","slug":"quanto-custa-para-entrar-em-jericoacoara","status":"publish","type":"post","link":"https:\/\/jericoacoara-blog.portaljericoacoara.com.br\/jericoacoara-blog\/quanto-custa-para-entrar-em-jericoacoara\/","title":{"rendered":"Quanto custa para entrar em Jericoacoara?"},"content":{"rendered":"\n<p><\/p>\n\n\n\n<p>O Tributo da Lei Complementar N\u00ba 107\/2015 e tem como fato gerador o impacto ambiental do uso efetivo ou potencial dos seus visitantes.<\/p>\n\n\n\n<p>Proteger, manter e cuidar do patrim\u00f4nio natural da vila de Jericoacoara \u00e9 responsabilidade de todos.<\/p>\n\n\n\n<p>A taxa no valor de R$ 41,50 \u00e9 cobrada por visitante para uma estadia de at\u00e9 dez dias.<\/p>\n\n\n\n<p>Caso sua perman\u00eancia exceda a quantidade de dias informados, voc\u00ea dever\u00e1 gerar nova taxa indicando o per\u00edodo excedente.<\/p>\n\n\n\n<p>Quem fica Insento da Taxa de Turismo Sustent\u00e1vel?<\/p>\n\n\n\n<p>Conforme artigo 4\u00ba do Decreto n\u00ba 044\/2017, s\u00e3o isentos da Taxa de Turismo Sustent\u00e1vel:<\/p>\n\n\n\n<p>Portadores de defici\u00eancia mediante apresenta\u00e7\u00e3o de laudo m\u00e9dico e documento oficial com foto;<\/p>\n\n\n\n<p>Crian\u00e7as at\u00e9 12 anos de idade mediante apresenta\u00e7\u00e3o de certid\u00e3o de nascimento ou documento oficial com foto;<\/p>\n\n\n\n<p>Idosos acima de 60 anos de idade mediante apresenta\u00e7\u00e3o de documento oficial com foto;<\/p>\n\n\n\n<p>Domiciliados e residentes do Munic\u00edpio de Jijoca de Jericoacoara mediante apresenta\u00e7\u00e3o de documento oficial com foto e comprovante de endere\u00e7o do munic\u00edpio;<\/p>\n\n\n\n<p>Trabalhadores da vila de Jericoacoara mediante apresenta\u00e7\u00e3o de documento oficial com foto e comprova\u00e7\u00e3o de v\u00ednculo empregat\u00edcio.<\/p>\n\n\n\n<p><strong>IMPORTANTE:<\/strong><\/p>\n\n\n\n<p>A condi\u00e7\u00e3o de isen\u00e7\u00e3o deve ser comprovada no momento de chegada na Vila, mediante apresenta\u00e7\u00e3o de documento h\u00e1bil ao fiscal da prefeitura.<\/p>\n\n\n\n<hr class=\"wp-block-separator has-css-opacity aligncenter\"\/>\n\n\n\n<h4 class=\"wp-block-heading has-text-align-center\">Mais Post Para Voc\u00ea<\/h4>\n\n\n<div class=\"wp-block-themeisle-blocks-posts-grid\" id=\"wp-block-themeisle-blocks-posts-grid-34b14fe8\"><div class=\"is-grid o-posts-grid-columns-3\"><div class=\"o-posts-grid-post-blog o-posts-grid-post-plain\"><div class=\"o-posts-grid-post\"><div class=\"o-posts-grid-post-image\"><a href=\"https:\/\/jericoacoara-blog.portaljericoacoara.com.br\/jericoacoara-blog\/parque-nacional-de-jericoacoara-foi-o-terceiro-mais-visitado-do-brasil-em-2024\/\"><img fetchpriority=\"high\" decoding=\"async\" width=\"646\" height=\"484\" src=\"https:\/\/jericoacoara-blog.portaljericoacoara.com.br\/wp-content\/uploads\/2025\/04\/IMG_7322.jpg\" class=\"attachment-full size-full\" alt=\"Jericoacoara\" srcset=\"https:\/\/jericoacoara-blog.portaljericoacoara.com.br\/wp-content\/uploads\/2025\/04\/IMG_7322.jpg 646w, https:\/\/jericoacoara-blog.portaljericoacoara.com.br\/wp-content\/uploads\/2025\/04\/IMG_7322-300x225.jpg 300w\" sizes=\"(max-width: 646px) 100vw, 646px\" \/><\/a><\/div><div class=\"o-posts-grid-post-body\"><h4 class=\"o-posts-grid-post-title\"><a href=\"https:\/\/jericoacoara-blog.portaljericoacoara.com.br\/jericoacoara-blog\/parque-nacional-de-jericoacoara-foi-o-terceiro-mais-visitado-do-brasil-em-2024\/\">Parque Nacional de Jericoacoara foi o terceiro mais visitado do Brasil em 2024<\/a><\/h4><p class=\"o-posts-grid-post-meta\">Posted on <time datetime=\"2025-04-30T13:56:06+00:00\">30\/04\/2025<\/time> <\/p><\/div><\/div><\/div><div class=\"o-posts-grid-post-blog o-posts-grid-post-plain\"><div class=\"o-posts-grid-post\"><div class=\"o-posts-grid-post-image\"><a href=\"https:\/\/jericoacoara-blog.portaljericoacoara.com.br\/jericoacoara-blog\/jornalista-luiz-marcos-fernandes\/\"><img decoding=\"async\" width=\"1280\" height=\"897\" src=\"https:\/\/jericoacoara-blog.portaljericoacoara.com.br\/wp-content\/uploads\/2024\/08\/jornalista-Luiz-Marcos-Fernandes.jpg\" class=\"attachment-full size-full\" alt=\"jornalista Luiz Marcos Fernandes\" srcset=\"https:\/\/jericoacoara-blog.portaljericoacoara.com.br\/wp-content\/uploads\/2024\/08\/jornalista-Luiz-Marcos-Fernandes.jpg 1280w, https:\/\/jericoacoara-blog.portaljericoacoara.com.br\/wp-content\/uploads\/2024\/08\/jornalista-Luiz-Marcos-Fernandes-300x210.jpg 300w, https:\/\/jericoacoara-blog.portaljericoacoara.com.br\/wp-content\/uploads\/2024\/08\/jornalista-Luiz-Marcos-Fernandes-1024x718.jpg 1024w, https:\/\/jericoacoara-blog.portaljericoacoara.com.br\/wp-content\/uploads\/2024\/08\/jornalista-Luiz-Marcos-Fernandes-768x538.jpg 768w\" sizes=\"(max-width: 1280px) 100vw, 1280px\" \/><\/a><\/div><div class=\"o-posts-grid-post-body\"><h4 class=\"o-posts-grid-post-title\"><a href=\"https:\/\/jericoacoara-blog.portaljericoacoara.com.br\/jericoacoara-blog\/jornalista-luiz-marcos-fernandes\/\">Jornalista Luiz Marcos Fernandes<\/a><\/h4><p class=\"o-posts-grid-post-meta\">Posted on <time datetime=\"2024-08-07T18:21:44+00:00\">07\/08\/2024<\/time> <\/p><\/div><\/div><\/div><div class=\"o-posts-grid-post-blog o-posts-grid-post-plain\"><div class=\"o-posts-grid-post\"><div class=\"o-posts-grid-post-image\"><a href=\"https:\/\/jericoacoara-blog.portaljericoacoara.com.br\/jericoacoara-blog\/aeroporto-de-jericoacoara-preve-aumento-de-40-em-julho\/\"><img decoding=\"async\" width=\"1536\" height=\"1024\" src=\"https:\/\/jericoacoara-blog.portaljericoacoara.com.br\/wp-content\/uploads\/2023\/07\/170624_INAUG_AERO-JERI_MVS0327-1536x1024-1.jpg\" class=\"attachment-full size-full\" alt=\"Aeroporto de Jericoacoara\" srcset=\"https:\/\/jericoacoara-blog.portaljericoacoara.com.br\/wp-content\/uploads\/2023\/07\/170624_INAUG_AERO-JERI_MVS0327-1536x1024-1.jpg 1536w, https:\/\/jericoacoara-blog.portaljericoacoara.com.br\/wp-content\/uploads\/2023\/07\/170624_INAUG_AERO-JERI_MVS0327-1536x1024-1-300x200.jpg 300w, https:\/\/jericoacoara-blog.portaljericoacoara.com.br\/wp-content\/uploads\/2023\/07\/170624_INAUG_AERO-JERI_MVS0327-1536x1024-1-1024x683.jpg 1024w, https:\/\/jericoacoara-blog.portaljericoacoara.com.br\/wp-content\/uploads\/2023\/07\/170624_INAUG_AERO-JERI_MVS0327-1536x1024-1-768x512.jpg 768w, https:\/\/jericoacoara-blog.portaljericoacoara.com.br\/wp-content\/uploads\/2023\/07\/170624_INAUG_AERO-JERI_MVS0327-1536x1024-1-1200x800.jpg 1200w, https:\/\/jericoacoara-blog.portaljericoacoara.com.br\/wp-content\/uploads\/2023\/07\/170624_INAUG_AERO-JERI_MVS0327-1536x1024-1-360x240.jpg 360w\" sizes=\"(max-width: 1536px) 100vw, 1536px\" \/><\/a><\/div><div class=\"o-posts-grid-post-body\"><h4 class=\"o-posts-grid-post-title\"><a href=\"https:\/\/jericoacoara-blog.portaljericoacoara.com.br\/jericoacoara-blog\/aeroporto-de-jericoacoara-preve-aumento-de-40-em-julho\/\">Aeroporto de Jericoacoara prev\u00ea aumento de 40% em julho<\/a><\/h4><p class=\"o-posts-grid-post-meta\">Posted on <time datetime=\"2023-07-19T16:14:40+00:00\">19\/07\/2023<\/time> <\/p><\/div><\/div><\/div><\/div> <\/div>\n\n\n<p><\/p>\n","protected":false},"excerpt":{"rendered":"<p>O Tributo da Lei Complementar N\u00ba 107\/2015 e tem como fato gerador o impacto ambiental do uso efetivo ou potencial dos seus visitantes. Proteger, manter e cuidar do patrim\u00f4nio natural [&hellip;]<\/p>\n","protected":false},"author":1,"featured_media":296,"comment_status":"open","ping_status":"open","sticky":false,"template":"elementor_theme","format":"standard","meta":{"_themeisle_gutenberg_block_has_review":false,"footnotes":"","_rishi_post_view_count":3538},"categories":[6],"tags":[],"class_list":["post-270","post","type-post","status-publish","format-standard","has-post-thumbnail","hentry","category-jericoacoara","rishi-post"],"rishi__cb_customizer_meta":"","comments_count":"0","_links":{"self":[{"href":"https:\/\/jericoacoara-blog.portaljericoacoara.com.br\/jericoacoara-blog\/wp-json\/wp\/v2\/posts\/270","targetHints":{"allow":["GET"]}}],"collection":[{"href":"https:\/\/jericoacoara-blog.portaljericoacoara.com.br\/jericoacoara-blog\/wp-json\/wp\/v2\/posts"}],"about":[{"href":"https:\/\/jericoacoara-blog.portaljericoacoara.com.br\/jericoacoara-blog\/wp-json\/wp\/v2\/types\/post"}],"author":[{"embeddable":true,"href":"https:\/\/jericoacoara-blog.portaljericoacoara.com.br\/jericoacoara-blog\/wp-json\/wp\/v2\/users\/1"}],"replies":[{"embeddable":true,"href":"https:\/\/jericoacoara-blog.portaljericoacoara.com.br\/jericoacoara-blog\/wp-json\/wp\/v2\/comments?post=270"}],"version-history":[{"count":5,"href":"https:\/\/jericoacoara-blog.portaljericoacoara.com.br\/jericoacoara-blog\/wp-json\/wp\/v2\/posts\/270\/revisions"}],"predecessor-version":[{"id":598,"href":"https:\/\/jericoacoara-blog.portaljericoacoara.com.br\/jericoacoara-blog\/wp-json\/wp\/v2\/posts\/270\/revisions\/598"}],"wp:featuredmedia":[{"embeddable":true,"href":"https:\/\/jericoacoara-blog.portaljericoacoara.com.br\/jericoacoara-blog\/wp-json\/wp\/v2\/media\/296"}],"wp:attachment":[{"href":"https:\/\/jericoacoara-blog.portaljericoacoara.com.br\/jericoacoara-blog\/wp-json\/wp\/v2\/media?parent=270"}],"wp:term":[{"taxonomy":"category","embeddable":true,"href":"https:\/\/jericoacoara-blog.portaljericoacoara.com.br\/jericoacoara-blog\/wp-json\/wp\/v2\/categories?post=270"},{"taxonomy":"post_tag","embeddable":true,"href":"https:\/\/jericoacoara-blog.portaljericoacoara.com.br\/jericoacoara-blog\/wp-json\/wp\/v2\/tags?post=270"}],"curies":[{"name":"wp","href":"https:\/\/api.w.org\/{rel}","templated":true}]}}